{"id":315,"date":"2023-03-13T11:48:48","date_gmt":"2023-03-13T11:48:48","guid":{"rendered":"https:\/\/beta.belonaconsultors.com\/?p=315"},"modified":"2023-03-13T11:49:37","modified_gmt":"2023-03-13T11:49:37","slug":"nuevo-salario-minimo-interprofesional-para-2023","status":"publish","type":"post","link":"https:\/\/belonaconsultors.com\/ca\/nuevo-salario-minimo-interprofesional-para-2023\/","title":{"rendered":"Nou salari m\u00ednim interprofessional per a 2023"},"content":{"rendered":"<p>Tras la publicaci\u00f3n del Real Decreto 99\/2023, de 14 de febrero, representa un incremento del 8% respecto al SMI del 2022, fijando las nuevas cuant\u00edas en los siguientes:<\/p>\n\n\n\n<ul class=\"wp-block-list\">\n<li>36,00 euros\/d\u00eda o 1.080,00 euros\/mes o 15.120,00 euros\/anual, todo ello para cualquier actividad en la agricultura, en la industria y en los servicios.<\/li>\n<\/ul>\n\n\n\n<ul class=\"wp-block-list\">\n<li>51,15 euros\/jornada y de 8,45 euros\/hora (parcial externos), para los trabajadores eventuales, temporeros y temporeras, y empleadas y empleados del hogar.<\/li>\n<\/ul>\n\n\n\n<p>La entrada en vigor de esta Real Decreto se efect\u00faa con efectos retroactivos, es decir, el abono del salario m\u00ednimo establecido con efectos del 01 de enero de 2023.<\/p>","protected":false},"excerpt":{"rendered":"<p>El Consell de Ministres ha elevat fins als 1.080 euros mensuals el Salari M\u00ednim Interprofessional (SMI) per a l'any 2023. L'SMI s'ha incrementat un 47% en els \u00faltims 5 anys.<\/p>","protected":false},"author":2,"featured_media":316,"comment_status":"open","ping_status":"open","sticky":false,"template":"","format":"standard","meta":{"site-sidebar-layout":"default","site-content-layout":"default","ast-global-header-display":"","ast-main-header-display":"","ast-hfb-above-header-display":"","ast-hfb-below-header-display":"","ast-hfb-mobile-header-display":"","site-post-title":"","ast-breadcrumbs-content":"","ast-featured-img":"","footer-sml-layout":"","theme-transparent-header-meta":"","adv-header-id-meta":"","stick-header-meta":"","header-above-stick-meta":"","header-main-stick-meta":"","header-below-stick-meta":"","footnotes":""},"categories":[1],"tags":[],"class_list":["post-315","post","type-post","status-publish","format-standard","has-post-thumbnail","hentry","category-sin-categoria"],"yoast_head":"<!-- This site is optimized with the Yoast SEO plugin v20.12 - https:\/\/yoast.com\/wordpress\/plugins\/seo\/ -->\n<title>Blog Belona Consultors - Salario M\u00ednimo Interprofesional 2023<\/title>\n<meta name=\"robots\" content=\"index, follow, max-snippet:-1, max-image-preview:large, max-video-preview:-1\" \/>\n<link rel=\"canonical\" href=\"https:\/\/belonaconsultors.com\/ca\/nuevo-salario-minimo-interprofesional-para-2023\/\" \/>\n<meta property=\"og:locale\" content=\"ca_ES\" \/>\n<meta property=\"og:type\" content=\"article\" \/>\n<meta property=\"og:title\" content=\"Blog Belona Consultors - Salario M\u00ednimo Interprofesional 2023\" \/>\n<meta property=\"og:description\" content=\"El Consejo de Ministros ha elevado hasta los 1.080 euros mensuales el Salario M\u00ednimo Interprofesional (SMI) para el a\u00f1o 2023. El SMI se ha incrementado un 47% en los \u00faltimos 5 a\u00f1os.\" \/>\n<meta property=\"og:url\" content=\"https:\/\/belonaconsultors.com\/ca\/nuevo-salario-minimo-interprofesional-para-2023\/\" \/>\n<meta property=\"og:site_name\" content=\"Belona Consultors\" \/>\n<meta property=\"article:published_time\" content=\"2023-03-13T11:48:48+00:00\" \/>\n<meta property=\"article:modified_time\" content=\"2023-03-13T11:49:37+00:00\" \/>\n<meta property=\"og:image\" content=\"https:\/\/belonaconsultors.com\/wp-content\/uploads\/2023\/03\/Blog-Belona-Consultors-Nuevo-salario-minimo-interprofesional.jpg\" \/>\n\t<meta property=\"og:image:width\" content=\"1920\" \/>\n\t<meta property=\"og:image:height\" content=\"1080\" \/>\n\t<meta property=\"og:image:type\" content=\"image\/jpeg\" \/>\n<meta name=\"author\" content=\"Belona Consultors\" \/>\n<meta name=\"twitter:card\" content=\"summary_large_image\" \/>\n<meta name=\"twitter:label1\" content=\"Escrit per\" \/>\n\t<meta name=\"twitter:data1\" content=\"Belona Consultors\" \/>\n\t<meta name=\"twitter:label2\" content=\"Temps estimat de lectura\" \/>\n\t<meta name=\"twitter:data2\" content=\"1 minut\" \/>\n<script type=\"application\/ld+json\" class=\"yoast-schema-graph\">{\"@context\":\"https:\/\/schema.org\",\"@graph\":[{\"@type\":\"Article\",\"@id\":\"https:\/\/belonaconsultors.com\/es\/nuevo-salario-minimo-interprofesional-para-2023\/#article\",\"isPartOf\":{\"@id\":\"https:\/\/belonaconsultors.com\/es\/nuevo-salario-minimo-interprofesional-para-2023\/\"},\"author\":{\"name\":\"Belona Consultors\",\"@id\":\"https:\/\/belonaconsultors.com\/ca\/#\/schema\/person\/d684c39edf614cd830499ed1b0725341\"},\"headline\":\"Nuevo salario m\u00ednimo interprofesional para 2023\",\"datePublished\":\"2023-03-13T11:48:48+00:00\",\"dateModified\":\"2023-03-13T11:49:37+00:00\",\"mainEntityOfPage\":{\"@id\":\"https:\/\/belonaconsultors.com\/es\/nuevo-salario-minimo-interprofesional-para-2023\/\"},\"wordCount\":106,\"commentCount\":0,\"publisher\":{\"@id\":\"https:\/\/belonaconsultors.com\/ca\/#organization\"},\"articleSection\":[\"Sin categor\u00eda\"],\"inLanguage\":\"ca\",\"potentialAction\":[{\"@type\":\"CommentAction\",\"name\":\"Comment\",\"target\":[\"https:\/\/belonaconsultors.com\/es\/nuevo-salario-minimo-interprofesional-para-2023\/#respond\"]}]},{\"@type\":\"WebPage\",\"@id\":\"https:\/\/belonaconsultors.com\/es\/nuevo-salario-minimo-interprofesional-para-2023\/\",\"url\":\"https:\/\/belonaconsultors.com\/es\/nuevo-salario-minimo-interprofesional-para-2023\/\",\"name\":\"Blog Belona Consultors - Salario M\u00ednimo Interprofesional 2023\",\"isPartOf\":{\"@id\":\"https:\/\/belonaconsultors.com\/ca\/#website\"},\"datePublished\":\"2023-03-13T11:48:48+00:00\",\"dateModified\":\"2023-03-13T11:49:37+00:00\",\"breadcrumb\":{\"@id\":\"https:\/\/belonaconsultors.com\/es\/nuevo-salario-minimo-interprofesional-para-2023\/#breadcrumb\"},\"inLanguage\":\"ca\",\"potentialAction\":[{\"@type\":\"ReadAction\",\"target\":[\"https:\/\/belonaconsultors.com\/es\/nuevo-salario-minimo-interprofesional-para-2023\/\"]}]},{\"@type\":\"BreadcrumbList\",\"@id\":\"https:\/\/belonaconsultors.com\/es\/nuevo-salario-minimo-interprofesional-para-2023\/#breadcrumb\",\"itemListElement\":[{\"@type\":\"ListItem\",\"position\":1,\"name\":\"Portada\",\"item\":\"https:\/\/belonaconsultors.com\/es\/\"},{\"@type\":\"ListItem\",\"position\":2,\"name\":\"Nuevo salario m\u00ednimo interprofesional para 2023\"}]},{\"@type\":\"WebSite\",\"@id\":\"https:\/\/belonaconsultors.com\/ca\/#website\",\"url\":\"https:\/\/belonaconsultors.com\/ca\/\",\"name\":\"Belona Consultors\",\"description\":\"Otro sitio realizado con WordPress\",\"publisher\":{\"@id\":\"https:\/\/belonaconsultors.com\/ca\/#organization\"},\"potentialAction\":[{\"@type\":\"SearchAction\",\"target\":{\"@type\":\"EntryPoint\",\"urlTemplate\":\"https:\/\/belonaconsultors.com\/ca\/?s={search_term_string}\"},\"query-input\":\"required name=search_term_string\"}],\"inLanguage\":\"ca\"},{\"@type\":\"Organization\",\"@id\":\"https:\/\/belonaconsultors.com\/ca\/#organization\",\"name\":\"Belona Consultors\",\"url\":\"https:\/\/belonaconsultors.com\/ca\/\",\"logo\":{\"@type\":\"ImageObject\",\"inLanguage\":\"ca\",\"@id\":\"https:\/\/belonaconsultors.com\/ca\/#\/schema\/logo\/image\/\",\"url\":\"https:\/\/belonaconsultors.com\/wp-content\/uploads\/2023\/01\/Logo-Belona-Consultors.png\",\"contentUrl\":\"https:\/\/belonaconsultors.com\/wp-content\/uploads\/2023\/01\/Logo-Belona-Consultors.png\",\"width\":800,\"height\":350,\"caption\":\"Belona Consultors\"},\"image\":{\"@id\":\"https:\/\/belonaconsultors.com\/ca\/#\/schema\/logo\/image\/\"}},{\"@type\":\"Person\",\"@id\":\"https:\/\/belonaconsultors.com\/ca\/#\/schema\/person\/d684c39edf614cd830499ed1b0725341\",\"name\":\"Belona Consultors\",\"image\":{\"@type\":\"ImageObject\",\"inLanguage\":\"ca\",\"@id\":\"https:\/\/belonaconsultors.com\/ca\/#\/schema\/person\/image\/\",\"url\":\"https:\/\/secure.gravatar.com\/avatar\/2c248cfdd856acfa5fb3402a68af8b95abcbe770b0e420aca1151cecd38b6c9b?s=96&d=mm&r=g\",\"contentUrl\":\"https:\/\/secure.gravatar.com\/avatar\/2c248cfdd856acfa5fb3402a68af8b95abcbe770b0e420aca1151cecd38b6c9b?s=96&d=mm&r=g\",\"caption\":\"Belona Consultors\"},\"sameAs\":[\"http:\/\/www.belonaconsultors.com\"],\"url\":\"https:\/\/belonaconsultors.com\/ca\/author\/belona-consultors\/\"}]}<\/script>\n<!-- \/ Yoast SEO plugin. -->","yoast_head_json":{"title":"Blog Belona Consultors - Salario M\u00ednimo Interprofesional 2023","robots":{"index":"index","follow":"follow","max-snippet":"max-snippet:-1","max-image-preview":"max-image-preview:large","max-video-preview":"max-video-preview:-1"},"canonical":"https:\/\/belonaconsultors.com\/ca\/nuevo-salario-minimo-interprofesional-para-2023\/","og_locale":"ca_ES","og_type":"article","og_title":"Blog Belona Consultors - Salario M\u00ednimo Interprofesional 2023","og_description":"El Consejo de Ministros ha elevado hasta los 1.080 euros mensuales el Salario M\u00ednimo Interprofesional (SMI) para el a\u00f1o 2023. El SMI se ha incrementado un 47% en los \u00faltimos 5 a\u00f1os.","og_url":"https:\/\/belonaconsultors.com\/ca\/nuevo-salario-minimo-interprofesional-para-2023\/","og_site_name":"Belona Consultors","article_published_time":"2023-03-13T11:48:48+00:00","article_modified_time":"2023-03-13T11:49:37+00:00","og_image":[{"width":1920,"height":1080,"url":"https:\/\/belonaconsultors.com\/wp-content\/uploads\/2023\/03\/Blog-Belona-Consultors-Nuevo-salario-minimo-interprofesional.jpg","type":"image\/jpeg"}],"author":"Belona Consultors","twitter_card":"summary_large_image","twitter_misc":{"Escrit per":"Belona Consultors","Temps estimat de lectura":"1 minut"},"schema":{"@context":"https:\/\/schema.org","@graph":[{"@type":"Article","@id":"https:\/\/belonaconsultors.com\/es\/nuevo-salario-minimo-interprofesional-para-2023\/#article","isPartOf":{"@id":"https:\/\/belonaconsultors.com\/es\/nuevo-salario-minimo-interprofesional-para-2023\/"},"author":{"name":"Belona Consultors","@id":"https:\/\/belonaconsultors.com\/ca\/#\/schema\/person\/d684c39edf614cd830499ed1b0725341"},"headline":"Nuevo salario m\u00ednimo interprofesional para 2023","datePublished":"2023-03-13T11:48:48+00:00","dateModified":"2023-03-13T11:49:37+00:00","mainEntityOfPage":{"@id":"https:\/\/belonaconsultors.com\/es\/nuevo-salario-minimo-interprofesional-para-2023\/"},"wordCount":106,"commentCount":0,"publisher":{"@id":"https:\/\/belonaconsultors.com\/ca\/#organization"},"articleSection":["Sin categor\u00eda"],"inLanguage":"ca","potentialAction":[{"@type":"CommentAction","name":"Comment","target":["https:\/\/belonaconsultors.com\/es\/nuevo-salario-minimo-interprofesional-para-2023\/#respond"]}]},{"@type":"WebPage","@id":"https:\/\/belonaconsultors.com\/es\/nuevo-salario-minimo-interprofesional-para-2023\/","url":"https:\/\/belonaconsultors.com\/es\/nuevo-salario-minimo-interprofesional-para-2023\/","name":"Blog Belona Consultors - Salario M\u00ednimo Interprofesional 2023","isPartOf":{"@id":"https:\/\/belonaconsultors.com\/ca\/#website"},"datePublished":"2023-03-13T11:48:48+00:00","dateModified":"2023-03-13T11:49:37+00:00","breadcrumb":{"@id":"https:\/\/belonaconsultors.com\/es\/nuevo-salario-minimo-interprofesional-para-2023\/#breadcrumb"},"inLanguage":"ca","potentialAction":[{"@type":"ReadAction","target":["https:\/\/belonaconsultors.com\/es\/nuevo-salario-minimo-interprofesional-para-2023\/"]}]},{"@type":"BreadcrumbList","@id":"https:\/\/belonaconsultors.com\/es\/nuevo-salario-minimo-interprofesional-para-2023\/#breadcrumb","itemListElement":[{"@type":"ListItem","position":1,"name":"Portada","item":"https:\/\/belonaconsultors.com\/es\/"},{"@type":"ListItem","position":2,"name":"Nuevo salario m\u00ednimo interprofesional para 2023"}]},{"@type":"WebSite","@id":"https:\/\/belonaconsultors.com\/ca\/#website","url":"https:\/\/belonaconsultors.com\/ca\/","name":"Belona Consultors","description":"Otro sitio realizado con WordPress","publisher":{"@id":"https:\/\/belonaconsultors.com\/ca\/#organization"},"potentialAction":[{"@type":"SearchAction","target":{"@type":"EntryPoint","urlTemplate":"https:\/\/belonaconsultors.com\/ca\/?s={search_term_string}"},"query-input":"required name=search_term_string"}],"inLanguage":"ca"},{"@type":"Organization","@id":"https:\/\/belonaconsultors.com\/ca\/#organization","name":"Belona Consultors","url":"https:\/\/belonaconsultors.com\/ca\/","logo":{"@type":"ImageObject","inLanguage":"ca","@id":"https:\/\/belonaconsultors.com\/ca\/#\/schema\/logo\/image\/","url":"https:\/\/belonaconsultors.com\/wp-content\/uploads\/2023\/01\/Logo-Belona-Consultors.png","contentUrl":"https:\/\/belonaconsultors.com\/wp-content\/uploads\/2023\/01\/Logo-Belona-Consultors.png","width":800,"height":350,"caption":"Belona Consultors"},"image":{"@id":"https:\/\/belonaconsultors.com\/ca\/#\/schema\/logo\/image\/"}},{"@type":"Person","@id":"https:\/\/belonaconsultors.com\/ca\/#\/schema\/person\/d684c39edf614cd830499ed1b0725341","name":"Belona Consultors","image":{"@type":"ImageObject","inLanguage":"ca","@id":"https:\/\/belonaconsultors.com\/ca\/#\/schema\/person\/image\/","url":"https:\/\/secure.gravatar.com\/avatar\/2c248cfdd856acfa5fb3402a68af8b95abcbe770b0e420aca1151cecd38b6c9b?s=96&d=mm&r=g","contentUrl":"https:\/\/secure.gravatar.com\/avatar\/2c248cfdd856acfa5fb3402a68af8b95abcbe770b0e420aca1151cecd38b6c9b?s=96&d=mm&r=g","caption":"Belona Consultors"},"sameAs":["http:\/\/www.belonaconsultors.com"],"url":"https:\/\/belonaconsultors.com\/ca\/author\/belona-consultors\/"}]}},"_links":{"self":[{"href":"https:\/\/belonaconsultors.com\/ca\/wp-json\/wp\/v2\/posts\/315","targetHints":{"allow":["GET"]}}],"collection":[{"href":"https:\/\/belonaconsultors.com\/ca\/wp-json\/wp\/v2\/posts"}],"about":[{"href":"https:\/\/belonaconsultors.com\/ca\/wp-json\/wp\/v2\/types\/post"}],"author":[{"embeddable":true,"href":"https:\/\/belonaconsultors.com\/ca\/wp-json\/wp\/v2\/users\/2"}],"replies":[{"embeddable":true,"href":"https:\/\/belonaconsultors.com\/ca\/wp-json\/wp\/v2\/comments?post=315"}],"version-history":[{"count":2,"href":"https:\/\/belonaconsultors.com\/ca\/wp-json\/wp\/v2\/posts\/315\/revisions"}],"predecessor-version":[{"id":318,"href":"https:\/\/belonaconsultors.com\/ca\/wp-json\/wp\/v2\/posts\/315\/revisions\/318"}],"wp:featuredmedia":[{"embeddable":true,"href":"https:\/\/belonaconsultors.com\/ca\/wp-json\/wp\/v2\/media\/316"}],"wp:attachment":[{"href":"https:\/\/belonaconsultors.com\/ca\/wp-json\/wp\/v2\/media?parent=315"}],"wp:term":[{"taxonomy":"category","embeddable":true,"href":"https:\/\/belonaconsultors.com\/ca\/wp-json\/wp\/v2\/categories?post=315"},{"taxonomy":"post_tag","embeddable":true,"href":"https:\/\/belonaconsultors.com\/ca\/wp-json\/wp\/v2\/tags?post=315"}],"curies":[{"name":"wp","href":"https:\/\/api.w.org\/{rel}","templated":true}]}}